{"id":497,"date":"2018-07-18T16:52:58","date_gmt":"2018-07-18T15:52:58","guid":{"rendered":"\/magazine\/?p=497"},"modified":"2022-02-23T08:32:54","modified_gmt":"2022-02-23T07:32:54","slug":"roadtrip-portogallo-faro-porto","status":"publish","type":"post","link":"https:\/\/www.sixt.it\/magazine\/viaggi\/roadtrip-portogallo-faro-porto\/","title":{"rendered":"Da Sud a Nord: Roadtrip in Portogallo da Faro a Porto"},"content":{"rendered":"<p>Viaggio spesso , a volte anche pi\u00f9 di tre destinazioni in un mese , ma in <a href=\"https:\/\/www.sixt.it\/autonoleggio\/portogallo\/\"><strong>Portogallo<\/strong><\/a> non ci ero mai stato , mai messo piede in terra Portoghese. Dovevo andarci per forza, volevo esplorare lo stato da dove salp\u00f2 <strong>Cristoforo Colombo<\/strong>. Un mese di pianificazione e pronti a partire, a bordo di una macchina noleggiata con <a href=\"https:\/\/www.sixt.it\/\"><strong>Sixt<\/strong><\/a> con l\u2019obiettivo di attraversare il Paese da Sud a Nord e non perderci neanche una singola cosa , e cos\u00ec \u00e8 stato.<\/p>\n<p style=\"text-align: center\"><iframe data-src=\"https:\/\/www.google.com\/maps\/embed?pb=!1m76!1m12!1m3!1d3172145.114181401!2d-10.908361317740379!3d39.06551819111449!2m3!1f0!2f0!3f0!3m2!1i1024!2i768!4f13.1!4m61!3e0!4m5!1s0xd054d50d51c11af%3A0xadf3392d6b09bb30!2sSixt%20rent%20a%20car%2C%20Faro%2C%20Portogallo!3m2!1d37.0199536!2d-7.9684801!4m5!1s0xd1ab5e9d06c3d75%3A0xa00ebc04f805880!2sVilamoura%2C%20Quarteira%2C%20Portogallo!3m2!1d37.088067699999996!2d-8.118806!4m5!1s0xd1aceae38ddc41f%3A0xed22e7a562441045!2sAlbufeira%2C%20Portogallo!3m2!1d37.0890719!2d-8.2478796!4m5!1s0xd1b304950234d8d%3A0x5410aaa3471afc57!2sLagos%2C%20Portogallo!3m2!1d37.1027881!2d-8.6730275!4m5!1s0xd1ad6a403e9e34b%3A0x5cf4506ec0b72698!2sSpiaggia%20di%20Marinha%2C%20Portogallo!3m2!1d37.0896981!2d-8.4131165!4m5!1s0xd1b4c64c7110b77%3A0xcce36e7d4970a8b4!2sSagres%2C%20Portogallo!3m2!1d37.0168293!2d-8.9405931!4m5!1s0xd1b4debbb2c6f3b%3A0x5a8de59b4093e3f!2sCabo%20de%20S%C3%A3o%20Vicente%2C%20Sagres%2C%20Portogallo!3m2!1d37.0233333!2d-8.994444399999999!4m5!1s0xd1edac1a7510ee9%3A0x13585cc0b00f573c!2sSintra%2C%20Portogallo!3m2!1d38.8028687!2d-9.3816589!4m5!1s0xd19331a61e4f33b%3A0x400ebbde49036d0!2sLisbona%2C%20Portogallo!3m2!1d38.722252399999995!2d-9.1393366!4m5!1s0xd2465abc4e153c1%3A0xa648d95640b114bc!2sPorto%2C%20Portogallo!3m2!1d41.1579438!2d-8.629105299999999!5e0!3m2!1sit!2sde!4v1566993339445!5m2!1sit!2sde\" width=\"600\" height=\"450\" frameborder=\"0\" style=\"border:0;\" 0=\"allowfullscreen=''&gt;&lt;\/iframe\"  src=\"data:image\/svg+xml;base64,PHN2ZyB3aWR0aD0iMSIgaGVpZ2h0PSIxIiB4bWxucz0iaHR0cDovL3d3dy53My5vcmcvMjAwMC9zdmciPjwvc3ZnPg==\" class=\"lazyload\" data-load-mode=\"1\"><\/iframe><\/p>\n<p style=\"text-align: center\"><img decoding=\"async\" class=\"aligncenter wp-image-970 size-full lazyload\" data-src=\"https:\/\/it.sx-magazine-wp.sixt.io\/magazine\/wp-content\/uploads\/sites\/8\/2018\/07\/Capture-768x513-min.jpg\" alt=\"noleggio portogallo\" width=\"768\" height=\"513\" data-srcset=\"https:\/\/www.sixt.it\/magazine\/wp-content\/uploads\/\/sites\/8\/2018\/07\/Capture-768x513-min.jpg 768w, https:\/\/www.sixt.it\/magazine\/wp-content\/uploads\/\/sites\/8\/2018\/07\/Capture-768x513-min-300x200.jpg 300w\" data-sizes=\"(max-width: 768px) 100vw, 768px\" src=\"data:image\/svg+xml;base64,PHN2ZyB3aWR0aD0iMSIgaGVpZ2h0PSIxIiB4bWxucz0iaHR0cDovL3d3dy53My5vcmcvMjAwMC9zdmciPjwvc3ZnPg==\" style=\"--smush-placeholder-width: 768px; --smush-placeholder-aspect-ratio: 768\/513;\" \/><strong>Instagram @mr.no.bo.dy &#8211; Youtube MRNBD<\/strong><\/p>\n<h2>Il Sud: Algarve. Alla scoperta di Vilamoura, Lagos e Sagres<\/h2>\n<p>Abbiamo cominciato il nostro road trip dall\u2019 aeroporto di <a href=\"https:\/\/www.sixt.it\/autonoleggio\/portogallo\/faro\/\">Faro<\/a> dove abbiamo recuperato la macchina per poi spostarci a pochi chilometri : a <strong>Vilamoura<\/strong>, dove alloggiavamo; le prime 2 giornate le abbiamo passate a bordo dell\u2019 auto a caccia dei paesaggi pi\u00f9 belli del sud del Portogallo.<\/p>\n<p>E\u2019 stata una vera sorpresa <strong>l\u2019Algarve<\/strong>, paesaggi che mutavano in continuazione attraverso il parabrezza della <strong>Mercedes Classe A<\/strong> , trasportati in mezzo a minuscoli paesini , campagne colme di fichi , olive e vigneti a perdita d\u2019occhio per poi terminare sempre la corsa sulla costa e trovarci ogni volta a bocca a porta davanti alla bellezza delle scogliere.<\/p>\n<p>Non ci siamo persi davvero nulla <strong>Albufeira<\/strong>, <strong>Lagos<\/strong>, <strong>Ponta da Piedade<\/strong>, <strong>Praia da Marina<\/strong> (in foto) ,<strong>Sagres<\/strong> e poi <strong>Cabo de S\u00e3o Vicente<\/strong>. Da vedere da Marzo ad Ottobre l&#8217;esposizione internazionale delle sculture di sabbia (in foto)!<\/p>\n<p><img decoding=\"async\" class=\"aligncenter wp-image-975 size-full lazyload\" data-src=\"https:\/\/it.sx-magazine-wp.sixt.io\/magazine\/wp-content\/uploads\/sites\/8\/2018\/07\/Praia-da-Marina-768x433-min.jpg\" alt=\"Praia da Marina Algarve\" width=\"768\" height=\"433\" data-srcset=\"https:\/\/www.sixt.it\/magazine\/wp-content\/uploads\/\/sites\/8\/2018\/07\/Praia-da-Marina-768x433-min.jpg 768w, https:\/\/www.sixt.it\/magazine\/wp-content\/uploads\/\/sites\/8\/2018\/07\/Praia-da-Marina-768x433-min-300x169.jpg 300w\" data-sizes=\"(max-width: 768px) 100vw, 768px\" src=\"data:image\/svg+xml;base64,PHN2ZyB3aWR0aD0iMSIgaGVpZ2h0PSIxIiB4bWxucz0iaHR0cDovL3d3dy53My5vcmcvMjAwMC9zdmciPjwvc3ZnPg==\" style=\"--smush-placeholder-width: 768px; --smush-placeholder-aspect-ratio: 768\/433;\" \/><\/p>\n<p style=\"text-align: center\"><img decoding=\"async\" class=\"aligncenter wp-image-971 size-full lazyload\" data-src=\"https:\/\/it.sx-magazine-wp.sixt.io\/magazine\/wp-content\/uploads\/sites\/8\/2018\/07\/Esposizione-sculture-di-sabbia-768x525-min.jpg\" alt=\"Portogallo sculture di sabbia\" width=\"768\" height=\"525\" data-srcset=\"https:\/\/www.sixt.it\/magazine\/wp-content\/uploads\/\/sites\/8\/2018\/07\/Esposizione-sculture-di-sabbia-768x525-min.jpg 768w, https:\/\/www.sixt.it\/magazine\/wp-content\/uploads\/\/sites\/8\/2018\/07\/Esposizione-sculture-di-sabbia-768x525-min-300x205.jpg 300w\" data-sizes=\"(max-width: 768px) 100vw, 768px\" src=\"data:image\/svg+xml;base64,PHN2ZyB3aWR0aD0iMSIgaGVpZ2h0PSIxIiB4bWxucz0iaHR0cDovL3d3dy53My5vcmcvMjAwMC9zdmciPjwvc3ZnPg==\" style=\"--smush-placeholder-width: 768px; --smush-placeholder-aspect-ratio: 768\/525;\" \/><strong>Instagram @mr.no.bo.dy &#8211; Youtube MRNBD<\/strong><\/p>\n<h2>In viaggio verso Lisbona, ma prima&#8230;Sintra<\/h2>\n<p>A venti minuti da <strong>Lisbona<\/strong> (se non vi imbattete nel traffico) trovate la zona di Sintra , un posto di cui ignoravo l\u2019esistenza prima di finirci proprio in mezzo, tra le sue strette stradine , tutte in salita, e le piccole casette che si aprono poi su una grande piazza da cui si intravedono i vari castelli e le <strong>ex residenze estive dei reali Portoghesi<\/strong> dalle forme stranissime, come il <strong>Palacio da Pena<\/strong> in foto.<\/p>\n<p>Ville immerse in parchi sconfinati, sentieri , grotte e costruzioni che sembrano uscite da un libro delle favole. Questa \u00e8 Sintra.<\/p>\n<p style=\"text-align: center\"><img decoding=\"async\" class=\"aligncenter wp-image-973 size-full lazyload\" data-src=\"https:\/\/it.sx-magazine-wp.sixt.io\/magazine\/wp-content\/uploads\/sites\/8\/2018\/07\/Palacio-da-pena-768x501-min.jpg\" alt=\"Palacio de Pena Portogallo\" width=\"768\" height=\"501\" data-srcset=\"https:\/\/www.sixt.it\/magazine\/wp-content\/uploads\/\/sites\/8\/2018\/07\/Palacio-da-pena-768x501-min.jpg 768w, https:\/\/www.sixt.it\/magazine\/wp-content\/uploads\/\/sites\/8\/2018\/07\/Palacio-da-pena-768x501-min-300x196.jpg 300w\" data-sizes=\"(max-width: 768px) 100vw, 768px\" src=\"data:image\/svg+xml;base64,PHN2ZyB3aWR0aD0iMSIgaGVpZ2h0PSIxIiB4bWxucz0iaHR0cDovL3d3dy53My5vcmcvMjAwMC9zdmciPjwvc3ZnPg==\" style=\"--smush-placeholder-width: 768px; --smush-placeholder-aspect-ratio: 768\/501;\" \/><strong>Instagram @mr.no.bo.dy &#8211; Youtube MRNBD<\/strong><\/p>\n<h2>Finalmente la Capitale: Lisbona<\/h2>\n<p>Il <strong>traffico<\/strong> \u00e8 sempre <strong>molto intenso<\/strong> a quasi qualsiasi ora del giorno e della notte , soprattutto nelle zone pi\u00f9 turistiche , ma la macchina si \u00e8 comportata nel migliore dei modi sia sulle grandi corsie della tangenziale per entrare in citt\u00e0 sia in quella serie infinita di piccole viuzze e ripide salite che caratterizzano la capitale portoghese.<\/p>\n<p style=\"text-align: center\"><img decoding=\"async\" class=\"aligncenter wp-image-972 size-full lazyload\" data-src=\"https:\/\/it.sx-magazine-wp.sixt.io\/magazine\/wp-content\/uploads\/sites\/8\/2018\/07\/Lisbona-min.jpg\" alt=\"noleggio Lisbona\" width=\"757\" height=\"503\" data-srcset=\"https:\/\/www.sixt.it\/magazine\/wp-content\/uploads\/\/sites\/8\/2018\/07\/Lisbona-min.jpg 757w, https:\/\/www.sixt.it\/magazine\/wp-content\/uploads\/\/sites\/8\/2018\/07\/Lisbona-min-300x199.jpg 300w\" data-sizes=\"(max-width: 757px) 100vw, 757px\" src=\"data:image\/svg+xml;base64,PHN2ZyB3aWR0aD0iMSIgaGVpZ2h0PSIxIiB4bWxucz0iaHR0cDovL3d3dy53My5vcmcvMjAwMC9zdmciPjwvc3ZnPg==\" style=\"--smush-placeholder-width: 757px; --smush-placeholder-aspect-ratio: 757\/503;\" \/><strong>Instagram @mr.no.bo.dy &#8211; Youtube MRNBD<\/strong><\/p>\n<p>Il piano era passare solo <strong>due giorni in citt\u00e0<\/strong>, per fortuna avevo fatto una tabella di marcia piuttosto dettagliata delle principali attrazioni da andare a visitare e le locations in qui era d\u2019obbligo passare\u00a0 a Lisbona perch\u00e9 altrimenti in sole due giornate sarebbe stato impossibile vedere tutto , ma ce l\u2019abbiamo fatta.<\/p>\n<p>La prima sera siamo anche riusciti\u00a0 a veder tramontare il sole dal <strong>Castelo de S\u00e3o Jorge<\/strong>\u00a0 e poi fatto in tempo a salire in cima all\u2019 <strong>Arco Triunfal da Rua Augusta<\/strong> per vederlo poi sparire nella baia di fronte alla <strong>Piazza del Commercio<\/strong>.<\/p>\n<p>Ci sono cos\u00ec tante cose da fare e vedere a <a href=\"https:\/\/www.sixt.it\/autonoleggio\/portogallo\/lisbona\/\"><strong>Lisbona<\/strong><\/a> che un elenco risulterebbe troppo lungo per esser condiviso, per\u00f2 una di quelle tappe che non si pu\u00f2 saltare \u00e8 sicuramente <strong>Belem<\/strong> (in foto) , dove si possono trovare i migliori <strong>Pasteis de Nata<\/strong>.<\/p>\n<p><img decoding=\"async\" class=\"aligncenter wp-image-976 size-full lazyload\" data-src=\"https:\/\/it.sx-magazine-wp.sixt.io\/magazine\/wp-content\/uploads\/sites\/8\/2018\/07\/tram-lisbona-768x450-min.jpg\" alt=\"ascensori Lisbona\" width=\"768\" height=\"450\" data-srcset=\"https:\/\/www.sixt.it\/magazine\/wp-content\/uploads\/\/sites\/8\/2018\/07\/tram-lisbona-768x450-min.jpg 768w, https:\/\/www.sixt.it\/magazine\/wp-content\/uploads\/\/sites\/8\/2018\/07\/tram-lisbona-768x450-min-300x176.jpg 300w\" data-sizes=\"(max-width: 768px) 100vw, 768px\" src=\"data:image\/svg+xml;base64,PHN2ZyB3aWR0aD0iMSIgaGVpZ2h0PSIxIiB4bWxucz0iaHR0cDovL3d3dy53My5vcmcvMjAwMC9zdmciPjwvc3ZnPg==\" style=\"--smush-placeholder-width: 768px; --smush-placeholder-aspect-ratio: 768\/450;\" \/><\/p>\n<p style=\"text-align: center\"><img decoding=\"async\" class=\"aligncenter wp-image-969 size-full lazyload\" data-src=\"https:\/\/it.sx-magazine-wp.sixt.io\/magazine\/wp-content\/uploads\/sites\/8\/2018\/07\/Belem-1-768x458-min.jpg\" alt=\"Torre di Belem Lisbona\" width=\"768\" height=\"458\" data-srcset=\"https:\/\/www.sixt.it\/magazine\/wp-content\/uploads\/\/sites\/8\/2018\/07\/Belem-1-768x458-min.jpg 768w, https:\/\/www.sixt.it\/magazine\/wp-content\/uploads\/\/sites\/8\/2018\/07\/Belem-1-768x458-min-300x179.jpg 300w\" data-sizes=\"(max-width: 768px) 100vw, 768px\" src=\"data:image\/svg+xml;base64,PHN2ZyB3aWR0aD0iMSIgaGVpZ2h0PSIxIiB4bWxucz0iaHR0cDovL3d3dy53My5vcmcvMjAwMC9zdmciPjwvc3ZnPg==\" style=\"--smush-placeholder-width: 768px; --smush-placeholder-aspect-ratio: 768\/458;\" \/><strong>Instagram @mr.no.bo.dy &#8211; Youtube MRNBD<\/strong><\/p>\n<h2>L\u2019ultima tappa dal roadtrip: Porto<\/h2>\n<p>L\u2019ultima tappa , ma non per importanza \u00e8 stata <strong><a href=\"https:\/\/www.sixt.it\/autonoleggio\/portogallo\/porto\/\">Porto<\/a> <\/strong>, la seconda citt\u00e0 per numero di abitanti. Ci siamo arrivati con calma, perch\u00e9 eravamo sempre distratti dai paesaggi o dalle piccole cittadine che attraversavamo e quindi per percorrere 310km ci abbiamo messo <strong>5 ore<\/strong>, ma ne \u00e8 valsa la pena, perch\u00e9 grazie alla macchina abbiamo avuto l\u2019opportunit\u00e0 di partire e fermarci ogni qualvolta i nostri occhi scrutavano qualcosa fuori dal finestrino che coglieva la nostra attenzione; e tutto questo sarebbe stato <strong>impossibile con altri mezzi di trasporto<\/strong>.<\/p>\n<p><strong>Porto<\/strong> \u00e8 pi\u00f9 raccolta rispetto a Lisbona, \u00e8 arroccata sulle pendici di una collina che si getta poi velocemente nel fiume. Sicuramente la prima cosa che colpisce \u00e8 l\u2019immenso ponte in metallo che collega <strong>Porto a Vila Nova de Gaia<\/strong>, da questo ultima si ha forse la miglior vista della citt\u00e0.<\/p>\n<p style=\"text-align: center\"><img decoding=\"async\" class=\"aligncenter wp-image-974 size-full lazyload\" data-src=\"https:\/\/it.sx-magazine-wp.sixt.io\/magazine\/wp-content\/uploads\/sites\/8\/2018\/07\/porto-768x446-min.jpg\" alt=\"Porto Portogallo\" width=\"768\" height=\"446\" data-srcset=\"https:\/\/www.sixt.it\/magazine\/wp-content\/uploads\/\/sites\/8\/2018\/07\/porto-768x446-min.jpg 768w, https:\/\/www.sixt.it\/magazine\/wp-content\/uploads\/\/sites\/8\/2018\/07\/porto-768x446-min-300x174.jpg 300w\" data-sizes=\"(max-width: 768px) 100vw, 768px\" src=\"data:image\/svg+xml;base64,PHN2ZyB3aWR0aD0iMSIgaGVpZ2h0PSIxIiB4bWxucz0iaHR0cDovL3d3dy53My5vcmcvMjAwMC9zdmciPjwvc3ZnPg==\" style=\"--smush-placeholder-width: 768px; --smush-placeholder-aspect-ratio: 768\/446;\" \/><strong>Instagram @mr.no.bo.dy &#8211; Youtube MRNBD<\/strong><\/p>\n<p>E poi non pu\u00f2 mancare una passeggiata nelle vie del centro storico o lungo il fiume proprio di fronte alle ex fabbriche del famoso <strong>Porto<\/strong>, ora trasformate in bellissimi locali e ristoranti.<\/p>\n<p>Non ero mai stato in <strong>Portogallo<\/strong> come dicevo all\u2019inizio, ma ora che sono tornato non vedo l\u2019ora di saltare in macchina di nuovo e andare a scovare altre locations mozzafiato!<\/p>\n<p>Se volete altri consigli per un Road Trip in Portogallo leggete anche il nostro articolo <a href=\"https:\/\/www.sixt.it\/magazine\/viaggi\/road-trip-in-portogallo-alla-scoperta-delleuropa-occidentale\/\">Road Trip in Portogallo: il paese che si affaccia sull&#8217;oceano<\/a><\/p>\n<h1 class=\"entry-title\">ROAD TRIP IN PORTOGALLO: IL PAESE CHE SI AFFACCIA SULL\u2019OCEANO<\/h1>\n<p style=\"text-align: center\"><img decoding=\"async\" class=\"aligncenter wp-image-968 size-full lazyload\" data-src=\"https:\/\/it.sx-magazine-wp.sixt.io\/magazine\/wp-content\/uploads\/sites\/8\/2018\/07\/Andrea-MRNOBODY-1024x575-min.jpg\" alt=\"viaggio portogallo da sud a nord\" width=\"1024\" height=\"575\" data-srcset=\"https:\/\/www.sixt.it\/magazine\/wp-content\/uploads\/\/sites\/8\/2018\/07\/Andrea-MRNOBODY-1024x575-min.jpg 1024w, https:\/\/www.sixt.it\/magazine\/wp-content\/uploads\/\/sites\/8\/2018\/07\/Andrea-MRNOBODY-1024x575-min-300x168.jpg 300w, https:\/\/www.sixt.it\/magazine\/wp-content\/uploads\/\/sites\/8\/2018\/07\/Andrea-MRNOBODY-1024x575-min-768x431.jpg 768w, https:\/\/www.sixt.it\/magazine\/wp-content\/uploads\/\/sites\/8\/2018\/07\/Andrea-MRNOBODY-1024x575-min-750x420.jpg 750w\" data-sizes=\"(max-width: 1024px) 100vw, 1024px\" src=\"data:image\/svg+xml;base64,PHN2ZyB3aWR0aD0iMSIgaGVpZ2h0PSIxIiB4bWxucz0iaHR0cDovL3d3dy53My5vcmcvMjAwMC9zdmciPjwvc3ZnPg==\" style=\"--smush-placeholder-width: 1024px; --smush-placeholder-aspect-ratio: 1024\/575;\" \/><strong>Instagram @mr.no.bo.dy &#8211; Youtube MRNBD<\/strong><\/p>\n<p><em>Mr.Nobody vive a\u00a0Nottingham, Inghilterra, da anni ma ha il cuore italiano. Viaggia molto spesso in Europa, e non solo, e racconta le sue esperienze sul suo canale Youtube (<a href=\"https:\/\/www.youtube.com\/channel\/UCTfXos2bwDI-DMvEOQOv0Vg\">MRNBD<\/a>) e Instagram (<a href=\"https:\/\/www.instagram.com\/mr.no.bo.dy\/\">@mr.no.bo.dy<\/a>).<\/em><\/p>\n<h2><strong>Vuoi visitare anche tu il Portogallo? SIXT ti aspetta!<\/strong><\/h2>\n<ul>\n<li><a href=\"https:\/\/www.sixt.it\/autonoleggio\/portogallo\/\">sixt.it\/autonoleggio\/portogallo<\/a><\/li>\n<li><a href=\"https:\/\/www.sixt.it\/autonoleggio\/portogallo\/faro\/\">sixt.it\/autonoleggio\/portogallo\/faro<\/a><\/li>\n<li><a href=\"https:\/\/www.sixt.it\/autonoleggio\/portogallo\/lisbona\/\">sixt.it\/autonoleggio\/portogallo\/lisbona<\/a><\/li>\n<li><a href=\"https:\/\/www.sixt.it\/autonoleggio\/portogallo\/porto\/\">sixt.it\/autonoleggio\/portogallo\/porto<\/a><\/li>\n<li><a href=\"https:\/\/www.sixt.it\/autonoleggio\/portogallo\/algarve\/\">sixt.it\/autonoleggio\/portogallo\/algarve<\/a><\/li>\n<\/ul>\n<!-- AddThis Advanced Settings generic via filter on the_content --><!-- AddThis Share Buttons generic via filter on the_content -->","protected":false},"excerpt":{"rendered":"<p>Viaggio spesso , a volte anche pi\u00f9 di tre destinazioni in un mese , ma in Portogallo non ci ero mai stato , mai messo piede in terra Portoghese. Dovevo andarci per forza, volevo esplorare lo stato da dove salp\u00f2 Cristoforo Colombo. Un mese di pianificazione e pronti a partire, a bordo di una macchina&#8230;<!-- AddThis Advanced Settings generic via filter on get_the_excerpt --><!-- AddThis Share Buttons generic via filter on get_the_excerpt --><\/p>\n","protected":false},"author":83,"featured_media":510,"comment_status":"open","ping_status":"open","sticky":false,"template":"","format":"standard","meta":{"_genesis_hide_title":false,"_genesis_hide_breadcrumbs":false,"_genesis_hide_singular_image":false,"_genesis_hide_footer_widgets":false,"_genesis_custom_body_class":"","_genesis_custom_post_class":"","_genesis_layout":"","ngg_post_thumbnail":0,"footnotes":""},"categories":[3],"tags":[44,12],"class_list":{"0":"post-497","1":"post","2":"type-post","3":"status-publish","4":"format-standard","5":"has-post-thumbnail","7":"category-viaggi","8":"tag-portogallo","9":"tag-road-trip","10":"entry"},"yoast_head":"<!-- This site is optimized with the Yoast SEO plugin v27.1.1 - https:\/\/yoast.com\/product\/yoast-seo-wordpress\/ -->\n<title>Da Sud a Nord: Roadtrip in Portogallo da Faro a Porto - Sixt Magazine<\/title>\n<meta name=\"description\" content=\"Che cosa vedere in un viaggio on the road in Portogallo? Sixt vi porta da Sud a Nord, passando per Algarve, Lisbona e Porto. Si ringrazia Mr.no.bo.dy per l&#039;articolo.\" \/>\n<meta name=\"robots\" content=\"index, follow, max-snippet:-1, max-image-preview:large, max-video-preview:-1\" \/>\n<link rel=\"canonical\" href=\"https:\/\/www.sixt.it\/magazine\/viaggi\/roadtrip-portogallo-faro-porto\/\" \/>\n<meta property=\"og:locale\" content=\"en_US\" \/>\n<meta property=\"og:type\" content=\"article\" \/>\n<meta property=\"og:title\" content=\"Da Sud a Nord: Roadtrip in Portogallo da Faro a Porto - Sixt Magazine\" \/>\n<meta property=\"og:description\" content=\"Che cosa vedere in un viaggio on the road in Portogallo? Sixt vi porta da Sud a Nord, passando per Algarve, Lisbona e Porto. Si ringrazia Mr.no.bo.dy per l&#039;articolo.\" \/>\n<meta property=\"og:url\" content=\"https:\/\/www.sixt.it\/magazine\/viaggi\/roadtrip-portogallo-faro-porto\/\" \/>\n<meta property=\"og:site_name\" content=\"Sixt Autonoleggio Magazine\" \/>\n<meta property=\"article:published_time\" content=\"2018-07-18T15:52:58+00:00\" \/>\n<meta property=\"article:modified_time\" content=\"2022-02-23T07:32:54+00:00\" \/>\n<meta property=\"og:image\" content=\"https:\/\/www.sixt.it\/magazine\/wp-content\/uploads\/\/sites\/8\/2018\/07\/tram-lisbona.jpg\" \/>\n\t<meta property=\"og:image:width\" content=\"1025\" \/>\n\t<meta property=\"og:image:height\" content=\"601\" \/>\n\t<meta property=\"og:image:type\" content=\"image\/jpeg\" \/>\n<meta name=\"twitter:card\" content=\"summary_large_image\" \/>\n<meta name=\"twitter:label1\" content=\"Written by\" \/>\n\t<meta name=\"twitter:data1\" content=\"\" \/>\n\t<meta name=\"twitter:label2\" content=\"Est. reading time\" \/>\n\t<meta name=\"twitter:data2\" content=\"6 minutes\" \/>\n<!-- \/ Yoast SEO plugin. -->","yoast_head_json":{"title":"Da Sud a Nord: Roadtrip in Portogallo da Faro a Porto - Sixt Magazine","description":"Che cosa vedere in un viaggio on the road in Portogallo? Sixt vi porta da Sud a Nord, passando per Algarve, Lisbona e Porto. Si ringrazia Mr.no.bo.dy per l'articolo.","robots":{"index":"index","follow":"follow","max-snippet":"max-snippet:-1","max-image-preview":"max-image-preview:large","max-video-preview":"max-video-preview:-1"},"canonical":"https:\/\/www.sixt.it\/magazine\/viaggi\/roadtrip-portogallo-faro-porto\/","og_locale":"en_US","og_type":"article","og_title":"Da Sud a Nord: Roadtrip in Portogallo da Faro a Porto - Sixt Magazine","og_description":"Che cosa vedere in un viaggio on the road in Portogallo? Sixt vi porta da Sud a Nord, passando per Algarve, Lisbona e Porto. Si ringrazia Mr.no.bo.dy per l'articolo.","og_url":"https:\/\/www.sixt.it\/magazine\/viaggi\/roadtrip-portogallo-faro-porto\/","og_site_name":"Sixt Autonoleggio Magazine","article_published_time":"2018-07-18T15:52:58+00:00","article_modified_time":"2022-02-23T07:32:54+00:00","og_image":[{"width":1025,"height":601,"url":"https:\/\/www.sixt.it\/magazine\/wp-content\/uploads\/\/sites\/8\/2018\/07\/tram-lisbona.jpg","type":"image\/jpeg"}],"twitter_card":"summary_large_image","twitter_misc":{"Written by":"","Est. reading time":"6 minutes"},"schema":{"@context":"https:\/\/schema.org","@graph":[{"@type":"Article","@id":"https:\/\/www.sixt.it\/magazine\/viaggi\/roadtrip-portogallo-faro-porto\/#article","isPartOf":{"@id":"https:\/\/www.sixt.it\/magazine\/viaggi\/roadtrip-portogallo-faro-porto\/"},"author":{"name":"","@id":""},"headline":"Da Sud a Nord: Roadtrip in Portogallo da Faro a Porto","datePublished":"2018-07-18T15:52:58+00:00","dateModified":"2022-02-23T07:32:54+00:00","mainEntityOfPage":{"@id":"https:\/\/www.sixt.it\/magazine\/viaggi\/roadtrip-portogallo-faro-porto\/"},"wordCount":1141,"commentCount":0,"image":{"@id":"https:\/\/www.sixt.it\/magazine\/viaggi\/roadtrip-portogallo-faro-porto\/#primaryimage"},"thumbnailUrl":"https:\/\/www.sixt.it\/magazine\/wp-content\/uploads\/\/sites\/8\/2018\/07\/tram-lisbona.jpg","keywords":["portogallo","road trip"],"articleSection":["Viaggi"],"inLanguage":"en-US","potentialAction":[{"@type":"CommentAction","name":"Comment","target":["https:\/\/www.sixt.it\/magazine\/viaggi\/roadtrip-portogallo-faro-porto\/#respond"]}]},{"@type":"WebPage","@id":"https:\/\/www.sixt.it\/magazine\/viaggi\/roadtrip-portogallo-faro-porto\/","url":"https:\/\/www.sixt.it\/magazine\/viaggi\/roadtrip-portogallo-faro-porto\/","name":"Da Sud a Nord: Roadtrip in Portogallo da Faro a Porto - Sixt Magazine","isPartOf":{"@id":"https:\/\/www.sixt.it\/magazine\/#website"},"primaryImageOfPage":{"@id":"https:\/\/www.sixt.it\/magazine\/viaggi\/roadtrip-portogallo-faro-porto\/#primaryimage"},"image":{"@id":"https:\/\/www.sixt.it\/magazine\/viaggi\/roadtrip-portogallo-faro-porto\/#primaryimage"},"thumbnailUrl":"https:\/\/www.sixt.it\/magazine\/wp-content\/uploads\/\/sites\/8\/2018\/07\/tram-lisbona.jpg","datePublished":"2018-07-18T15:52:58+00:00","dateModified":"2022-02-23T07:32:54+00:00","author":{"@id":""},"description":"Che cosa vedere in un viaggio on the road in Portogallo? Sixt vi porta da Sud a Nord, passando per Algarve, Lisbona e Porto. Si ringrazia Mr.no.bo.dy per l'articolo.","breadcrumb":{"@id":"https:\/\/www.sixt.it\/magazine\/viaggi\/roadtrip-portogallo-faro-porto\/#breadcrumb"},"inLanguage":"en-US","potentialAction":[{"@type":"ReadAction","target":["https:\/\/www.sixt.it\/magazine\/viaggi\/roadtrip-portogallo-faro-porto\/"]}]},{"@type":"ImageObject","inLanguage":"en-US","@id":"https:\/\/www.sixt.it\/magazine\/viaggi\/roadtrip-portogallo-faro-porto\/#primaryimage","url":"https:\/\/www.sixt.it\/magazine\/wp-content\/uploads\/\/sites\/8\/2018\/07\/tram-lisbona.jpg","contentUrl":"https:\/\/www.sixt.it\/magazine\/wp-content\/uploads\/\/sites\/8\/2018\/07\/tram-lisbona.jpg","width":1025,"height":601},{"@type":"BreadcrumbList","@id":"https:\/\/www.sixt.it\/magazine\/viaggi\/roadtrip-portogallo-faro-porto\/#breadcrumb","itemListElement":[{"@type":"ListItem","position":1,"name":"Home","item":"https:\/\/www.sixt.it\/magazine\/"},{"@type":"ListItem","position":2,"name":"Da Sud a Nord: Roadtrip in Portogallo da Faro a Porto"}]},{"@type":"WebSite","@id":"https:\/\/www.sixt.it\/magazine\/#website","url":"https:\/\/www.sixt.it\/magazine\/","name":"Sixt Autonoleggio Magazine","description":"Consigli di viaggio e notizie da Sixt Autonoleggio","potentialAction":[{"@type":"SearchAction","target":{"@type":"EntryPoint","urlTemplate":"https:\/\/www.sixt.it\/magazine\/?s={search_term_string}"},"query-input":{"@type":"PropertyValueSpecification","valueRequired":true,"valueName":"search_term_string"}}],"inLanguage":"en-US"},{"@type":"Person","@id":""}]}},"_links":{"self":[{"href":"https:\/\/www.sixt.it\/magazine\/wp-json\/wp\/v2\/posts\/497","targetHints":{"allow":["GET"]}}],"collection":[{"href":"https:\/\/www.sixt.it\/magazine\/wp-json\/wp\/v2\/posts"}],"about":[{"href":"https:\/\/www.sixt.it\/magazine\/wp-json\/wp\/v2\/types\/post"}],"author":[{"embeddable":true,"href":"https:\/\/www.sixt.it\/magazine\/wp-json\/wp\/v2\/users\/83"}],"replies":[{"embeddable":true,"href":"https:\/\/www.sixt.it\/magazine\/wp-json\/wp\/v2\/comments?post=497"}],"version-history":[{"count":0,"href":"https:\/\/www.sixt.it\/magazine\/wp-json\/wp\/v2\/posts\/497\/revisions"}],"wp:featuredmedia":[{"embeddable":true,"href":"https:\/\/www.sixt.it\/magazine\/wp-json\/wp\/v2\/media\/510"}],"wp:attachment":[{"href":"https:\/\/www.sixt.it\/magazine\/wp-json\/wp\/v2\/media?parent=497"}],"wp:term":[{"taxonomy":"category","embeddable":true,"href":"https:\/\/www.sixt.it\/magazine\/wp-json\/wp\/v2\/categories?post=497"},{"taxonomy":"post_tag","embeddable":true,"href":"https:\/\/www.sixt.it\/magazine\/wp-json\/wp\/v2\/tags?post=497"}],"curies":[{"name":"wp","href":"https:\/\/api.w.org\/{rel}","templated":true}]}}