{"id":2479,"date":"2019-09-10T15:54:37","date_gmt":"2019-09-10T14:54:37","guid":{"rendered":"https:\/\/it.sx-magazine-wp.sixt.io\/magazine\/?p=2479"},"modified":"2021-02-19T11:05:28","modified_gmt":"2021-02-19T10:05:28","slug":"6-capitali-weekend-europa","status":"publish","type":"post","link":"https:\/\/www.sixt.it\/magazine\/viaggi\/6-capitali-weekend-europa\/","title":{"rendered":"6 Capitali per un weekend in Europa &#8211; SIXT consiglia"},"content":{"rendered":"\n<p>Voglia di partire per un weekend in Europa? Quante possibilit\u00e0  e quanto poco tempo per scegliere. <strong><a href=\"https:\/\/www.sixt.it\/\">SIXT<\/a><\/strong> vi consiglia alcune mete da tenere in considerazione per le prossime vacanze.  <\/p>\n\n\n\n<h2 class=\"wp-block-heading\">Londra<\/h2>\n\n\n\n<p>Tra le mete che vi consigliamo per questo weekend in Europa, perch\u00e9 non partire da <strong>Londra<\/strong>? Questa \u00e8 sicuramente una citt\u00e0 molto grande e, per esplorarla tutta, sarebbe necessario aver a disposizione molto pi\u00f9 di un weekend. Ma, muniti dei giusti consigli e di tanta energia, sarete comunque in grado di vedere i luoghi pi\u00f9 emblematici di questa citt\u00e0.<\/p>\n\n\n\n<figure class=\"wp-block-image size-large\"><img decoding=\"async\" width=\"1024\" height=\"684\" data-src=\"https:\/\/it.sx-magazine-wp.sixt.io\/magazine\/wp-content\/uploads\/sites\/8\/2020\/03\/Londra-weekend.jpg\" alt=\"Londra weekend\" class=\"wp-image-4271 lazyload\" data-srcset=\"https:\/\/www.sixt.it\/magazine\/wp-content\/uploads\/\/sites\/8\/2020\/03\/Londra-weekend.jpg 1024w, https:\/\/www.sixt.it\/magazine\/wp-content\/uploads\/\/sites\/8\/2020\/03\/Londra-weekend-300x200.jpg 300w, https:\/\/www.sixt.it\/magazine\/wp-content\/uploads\/\/sites\/8\/2020\/03\/Londra-weekend-768x513.jpg 768w\" data-sizes=\"(max-width: 1024px) 100vw, 1024px\" src=\"data:image\/svg+xml;base64,PHN2ZyB3aWR0aD0iMSIgaGVpZ2h0PSIxIiB4bWxucz0iaHR0cDovL3d3dy53My5vcmcvMjAwMC9zdmciPjwvc3ZnPg==\" style=\"--smush-placeholder-width: 1024px; --smush-placeholder-aspect-ratio: 1024\/684;\" \/><\/figure>\n\n\n\n<p>Il <strong>Big Ben<\/strong> e il <strong>Palazzo del Parlamento<\/strong>, per cominciare, sono forse due degli\nedifici pi\u00f9 famosi della capitale. Per molto tempo il palazzo fu la sede di\nresidenza dei re d\u2019Inghilterra ed \u00e8 famoso in tutto il mondo per essere uno dei\nsimboli pi\u00f9 importanti della democrazia.<\/p>\n\n\n\n<p>Che siate amanti\no meno dei musei non potete pensare di andare a Londra senza visitare il <strong>British Museum<\/strong>, con i suoi circa otto\nmilioni di manufatti custoditi, e la <strong>National\nGallery<\/strong> a <strong>Trafalgar Square<\/strong> con\nla sua collezione di 2 mila opere che raccontano l\u2019arte dal XII al XX secolo. <\/p>\n\n\n\n<p>La <strong>Torre di Londra<\/strong> fa parte di un castello\nche troverete nel centro della capitale, nel <strong>London Borough of Tower Hamlets<\/strong>. Fu costruita quasi un migliaio di\nanni fa da Guglielmo il Conquistatore e oggi custodisce i gioielli della\nregina. <\/p>\n\n\n\n<p>Tra una visita e\nl\u2019altra, fate una pausa al <strong>Hyde Park<\/strong>,\naperto tutti i giorni dalle 5 di mattina a mezzanotte. Fate due passi a <strong>Covent Garden<\/strong>, <strong>Camden Town<\/strong>, con il suo famoso mercato e nella zona di <strong>Notting Hill<\/strong> per vedere la famosa <strong>Portobello Road<\/strong>. <\/p>\n\n\n\n<figure class=\"wp-block-image size-large\"><img decoding=\"async\" width=\"1024\" height=\"683\" data-src=\"https:\/\/it.sx-magazine-wp.sixt.io\/magazine\/wp-content\/uploads\/sites\/8\/2020\/03\/cosa-vedere-a-londra.jpg\" alt=\"Londra weekend\" class=\"wp-image-4272 lazyload\" data-srcset=\"https:\/\/www.sixt.it\/magazine\/wp-content\/uploads\/\/sites\/8\/2020\/03\/cosa-vedere-a-londra.jpg 1024w, https:\/\/www.sixt.it\/magazine\/wp-content\/uploads\/\/sites\/8\/2020\/03\/cosa-vedere-a-londra-300x200.jpg 300w, https:\/\/www.sixt.it\/magazine\/wp-content\/uploads\/\/sites\/8\/2020\/03\/cosa-vedere-a-londra-768x512.jpg 768w\" data-sizes=\"(max-width: 1024px) 100vw, 1024px\" src=\"data:image\/svg+xml;base64,PHN2ZyB3aWR0aD0iMSIgaGVpZ2h0PSIxIiB4bWxucz0iaHR0cDovL3d3dy53My5vcmcvMjAwMC9zdmciPjwvc3ZnPg==\" style=\"--smush-placeholder-width: 1024px; --smush-placeholder-aspect-ratio: 1024\/683;\" \/><\/figure>\n\n\n\n<p>E ancora <strong>Westminister<\/strong>, uno dei luoghi di culto pi\u00f9\nimportanti della citt\u00e0, <strong>Buckingham\nPalace<\/strong>, il palazzo reale dove avviene il cambio della guardia, il <strong>London Eye<\/strong>, la ruota panoramica da cui\nosservare tutta la citt\u00e0, e il <strong>Tower\nBridge<\/strong>, il ponte mobile sul Tamigi.<\/p>\n\n\n\n<p>Londra \u00e8 una citt\u00e0 viva e ricca di attrazioni. Che tu sia solo, in compagnia di amici o in famiglia, Londra ti sapr\u00e0 intrattenere nel migliore dei modi, anche con <a href=\"https:\/\/www.sixt.it\/magazine\/viaggi\/cosa-vedere-a-londra-gratis\/\">attivit\u00e0 gratuite<\/a>. <\/p>\n\n\n\n<h2 class=\"wp-block-heading\">Dublino<\/h2>\n\n\n\n<p>Una meta perfetta\nper un weekend in Europa \u00e8 sicuramente <strong>Dublino<\/strong>.\nPiccola e pittoresca, la capitale irlandese \u00e8 tutta da scoprire. Il <strong>Trinity College<\/strong> \u00e8 la pi\u00f9 prestigiosa universit\u00e0\nirlandese e si trovo proprio nel centro della citt\u00e0. Superata la <strong>statua di Molly Malone<\/strong>, potrete\nraggiungere i giardini di <strong>St. Stephen\nGreen<\/strong>. Dopo la pausa al parco non perdetevi la <strong>Cattedrale di Christ Church<\/strong>, la <strong>Cattedrale di San Patrizio<\/strong> e il <strong>Castello di Dublino<\/strong>. <\/p>\n\n\n\n<figure class=\"wp-block-image size-large\"><img decoding=\"async\" width=\"1024\" height=\"681\" data-src=\"https:\/\/it.sx-magazine-wp.sixt.io\/magazine\/wp-content\/uploads\/sites\/8\/2020\/03\/Dublino-weekend.jpg\" alt=\"dublino weekend in europa\" class=\"wp-image-4273 lazyload\" data-srcset=\"https:\/\/www.sixt.it\/magazine\/wp-content\/uploads\/\/sites\/8\/2020\/03\/Dublino-weekend.jpg 1024w, https:\/\/www.sixt.it\/magazine\/wp-content\/uploads\/\/sites\/8\/2020\/03\/Dublino-weekend-300x200.jpg 300w, https:\/\/www.sixt.it\/magazine\/wp-content\/uploads\/\/sites\/8\/2020\/03\/Dublino-weekend-768x511.jpg 768w\" data-sizes=\"(max-width: 1024px) 100vw, 1024px\" src=\"data:image\/svg+xml;base64,PHN2ZyB3aWR0aD0iMSIgaGVpZ2h0PSIxIiB4bWxucz0iaHR0cDovL3d3dy53My5vcmcvMjAwMC9zdmciPjwvc3ZnPg==\" style=\"--smush-placeholder-width: 1024px; --smush-placeholder-aspect-ratio: 1024\/681;\" \/><\/figure>\n\n\n\n<p>Dopo aver\nvagabondato un po\u2019 per le viuzze che circondano il <strong>Temple Bar<\/strong>, oltrepassate <strong>l\u2019Ha\u2019Penny\nBridge<\/strong> e spostatevi nella parte nord della citt\u00e0. Qui potrete vedere l\u2019emblematica\n<strong>Spire<\/strong>, la statua di <strong>James Joyce<\/strong> e dove potrete ripercorrere\nle tappe della rivoluzione. <\/p>\n\n\n\n<p>La <strong>Galleria Nazionale<\/strong> \u00e8 il museo pi\u00f9\nimportante d\u2019Irlanda mentre <strong>Guinness\nStorehouse<\/strong> \u00e8 sicuramente quello pi\u00f9 suggestivo. Qualsiasi siano i vostri\ngusti, nessuno dei due vi lascer\u00e0 insoddisfatti. <\/p>\n\n\n\n<figure class=\"wp-block-image size-large\"><img decoding=\"async\" width=\"1024\" height=\"901\" data-src=\"https:\/\/it.sx-magazine-wp.sixt.io\/magazine\/wp-content\/uploads\/sites\/8\/2020\/03\/dublino-guinnes.jpg\" alt=\"dublino guinness\" class=\"wp-image-4274 lazyload\" data-srcset=\"https:\/\/www.sixt.it\/magazine\/wp-content\/uploads\/\/sites\/8\/2020\/03\/dublino-guinnes.jpg 1024w, https:\/\/www.sixt.it\/magazine\/wp-content\/uploads\/\/sites\/8\/2020\/03\/dublino-guinnes-300x264.jpg 300w, https:\/\/www.sixt.it\/magazine\/wp-content\/uploads\/\/sites\/8\/2020\/03\/dublino-guinnes-768x676.jpg 768w\" data-sizes=\"(max-width: 1024px) 100vw, 1024px\" src=\"data:image\/svg+xml;base64,PHN2ZyB3aWR0aD0iMSIgaGVpZ2h0PSIxIiB4bWxucz0iaHR0cDovL3d3dy53My5vcmcvMjAwMC9zdmciPjwvc3ZnPg==\" style=\"--smush-placeholder-width: 1024px; --smush-placeholder-aspect-ratio: 1024\/901;\" \/><\/figure>\n\n\n\n<p>Non potete andarvene dalla citt\u00e0 senza aver visitato <strong>Kilmainham Gaol<\/strong>, un\u2019ex prigione, abbandonata nel 192 e ora museo del Nazionalismo irlandese.<\/p>\n\n\n\n<p> Dublino \u00e8 una citt\u00e0 dalle dimensioni abbastanza concentrate, perfetta per chiunque voglia viaggiare da solo, specialmente se vi trovate alle prime armi. Offre molte attivit\u00e0 gratuite e non mancano di certo i pub dove fare amicizia. <\/p>\n\n\n\n<p>Se invece avete pi\u00fa tempo, anche <a href=\"https:\/\/www.sixt.it\/autonoleggio\/irlanda\/\">un road trip<\/a> in Irlanda potrebbe essere un&#8217;idea interessante da tenere in considerazione. <\/p>\n\n\n\n<h2 class=\"wp-block-heading\">Amsterdam<\/h2>\n\n\n\n<p>Antica e moderna,\nprovinciale e multiculturale. Amsterdam \u00e8 una citt\u00e0 che stupisce, con piccoli\ndettagli, a cominciare dal <strong>Museo Stedelijk<\/strong>\ndedicato all\u2019arte moderna e contemporanea. Poca distante da l\u00ec, fate un salto\nanche al famosissimo <strong>Museo Van Gogh. <\/strong>In\nquesto museo potrete ammirare le opere dell\u2019artista, i suoi schizzi e le\nlettere indirizzate al fratello.<\/p>\n\n\n\n<figure class=\"wp-block-image size-large\"><img decoding=\"async\" width=\"1024\" height=\"576\" data-src=\"https:\/\/it.sx-magazine-wp.sixt.io\/magazine\/wp-content\/uploads\/sites\/8\/2020\/03\/Amsterdam-weekend.jpg\" alt=\"Amsterdam weekend\" class=\"wp-image-4275 lazyload\" data-srcset=\"https:\/\/www.sixt.it\/magazine\/wp-content\/uploads\/\/sites\/8\/2020\/03\/Amsterdam-weekend.jpg 1024w, https:\/\/www.sixt.it\/magazine\/wp-content\/uploads\/\/sites\/8\/2020\/03\/Amsterdam-weekend-300x169.jpg 300w, https:\/\/www.sixt.it\/magazine\/wp-content\/uploads\/\/sites\/8\/2020\/03\/Amsterdam-weekend-768x432.jpg 768w\" data-sizes=\"(max-width: 1024px) 100vw, 1024px\" src=\"data:image\/svg+xml;base64,PHN2ZyB3aWR0aD0iMSIgaGVpZ2h0PSIxIiB4bWxucz0iaHR0cDovL3d3dy53My5vcmcvMjAwMC9zdmciPjwvc3ZnPg==\" style=\"--smush-placeholder-width: 1024px; --smush-placeholder-aspect-ratio: 1024\/576;\" \/><\/figure>\n\n\n\n<p>Un altro museo\nche non si pu\u00f2 non visitare se siete ad Amsterdam \u00e8 la <strong>casamuseo di Anne Franke<\/strong>. Quando sarete sazi di cultura e storia, fate\nuna pausa al <strong>Vondelpark<\/strong>, il parco pi\u00f9\ngrande della citt\u00e0. Qui ci sono laghi, piste ciclabili, bar, spazi adibiti ad\nesposizioni artistiche e teatrali e persino zone adibite ai bambini. <\/p>\n\n\n\n<p>L\u2019assetto stesso\ndella citt\u00e0 \u00e8 degno di nota: Amsterdam nasce su una fitta rete di canali che l\u2019hanno\nportata a sviluppare una struttura urbanistica unica nel suo genere. Se volete\napprezzarne a pieno la peculiarit\u00e0 \u00e8 sicuramente consigliabile fare uno dei <strong>tour in barca<\/strong> che hanno luogo ogni\ngiorno.<\/p>\n\n\n\n<figure class=\"wp-block-image size-large\"><img decoding=\"async\" width=\"1024\" height=\"683\" data-src=\"https:\/\/it.sx-magazine-wp.sixt.io\/magazine\/wp-content\/uploads\/sites\/8\/2020\/03\/Amsterdam-canali.jpg\" alt=\"Amsterdam canali\" class=\"wp-image-4276 lazyload\" data-srcset=\"https:\/\/www.sixt.it\/magazine\/wp-content\/uploads\/\/sites\/8\/2020\/03\/Amsterdam-canali.jpg 1024w, https:\/\/www.sixt.it\/magazine\/wp-content\/uploads\/\/sites\/8\/2020\/03\/Amsterdam-canali-300x200.jpg 300w, https:\/\/www.sixt.it\/magazine\/wp-content\/uploads\/\/sites\/8\/2020\/03\/Amsterdam-canali-768x512.jpg 768w\" data-sizes=\"(max-width: 1024px) 100vw, 1024px\" src=\"data:image\/svg+xml;base64,PHN2ZyB3aWR0aD0iMSIgaGVpZ2h0PSIxIiB4bWxucz0iaHR0cDovL3d3dy53My5vcmcvMjAwMC9zdmciPjwvc3ZnPg==\" style=\"--smush-placeholder-width: 1024px; --smush-placeholder-aspect-ratio: 1024\/683;\" \/><\/figure>\n\n\n\n<p>Se volete\nsvagarvi un po\u2019 visitate <strong>The Bulldog<\/strong>,\nil primo coffeshop della citt\u00e0 o andate al ballare al <strong>Paradiso<\/strong>, la discoteca che \u00e8 stata costruita in una chiesa\nsconsacrata. <\/p>\n\n\n\n<h2 class=\"wp-block-heading\">Bruxelles<\/h2>\n\n\n\n<p>Forse non tutti\nsanno che la <strong>Grand Place<\/strong> di\nBruxelles \u00e8 considerata una delle pi\u00f9 belle piazze del mondo ed \u00e8 circondata da\nimportantissimi palazzi tra cui il<strong>\nMunicipio<\/strong>, la <strong>Maison du Roi<\/strong> e le\ndiverse <strong>case delle Corporazioni<\/strong>\nognuna dedicata a una diversa arte del passato.<\/p>\n\n\n\n<figure class=\"wp-block-image size-large is-resized\"><img decoding=\"async\" data-src=\"https:\/\/it.sx-magazine-wp.sixt.io\/magazine\/wp-content\/uploads\/sites\/8\/2020\/03\/Bruxelles-weekend.jpg\" alt=\"Bruxelles weekend\" class=\"wp-image-4277 lazyload\" width=\"580\" height=\"386\" data-srcset=\"https:\/\/www.sixt.it\/magazine\/wp-content\/uploads\/\/sites\/8\/2020\/03\/Bruxelles-weekend.jpg 1024w, https:\/\/www.sixt.it\/magazine\/wp-content\/uploads\/\/sites\/8\/2020\/03\/Bruxelles-weekend-300x200.jpg 300w, https:\/\/www.sixt.it\/magazine\/wp-content\/uploads\/\/sites\/8\/2020\/03\/Bruxelles-weekend-768x512.jpg 768w\" data-sizes=\"(max-width: 580px) 100vw, 580px\" src=\"data:image\/svg+xml;base64,PHN2ZyB3aWR0aD0iMSIgaGVpZ2h0PSIxIiB4bWxucz0iaHR0cDovL3d3dy53My5vcmcvMjAwMC9zdmciPjwvc3ZnPg==\" style=\"--smush-placeholder-width: 580px; --smush-placeholder-aspect-ratio: 580\/386;\" \/><\/figure>\n\n\n\n<p>Un monumento\nparticolare da vedere \u00e8 sicuramente l\u2019<strong>Atomium<\/strong>.\nSi trova nel Parco Heysel e rappresentano un cristallo di ferro ingrandito. Un\naltro simbolo della citt\u00e0 \u00e8 il <strong>Manneken\nPis<\/strong>, la statua pi\u00f9 fotografata della citt\u00e0 e famosa in tutto il mondo per\nla sua\u2026insolenza. <\/p>\n\n\n\n<p>Il <strong>Mont des Arts,<\/strong> che si trova tra <strong>Place Royale<\/strong> e <strong>Place de l&#8217;Albertine<\/strong>, \u00e8 un complesso &nbsp;urbanistico che comprende edifici come il <strong>Palazzo dei Congressi<\/strong> e la <strong>Biblioteca Nazionale<\/strong>.<\/p>\n\n\n\n<p>Dopo aver\nvisitato il <strong>Museo di Belle Arti, Museo\nMagritte<\/strong>, il <strong>Centro Belga del\nFumetto<\/strong> e la <strong>Casa del Fumetto<\/strong>,\nfate una passeggiata ne <strong>L&#8217;Ilot Sacr\u00e8 di\nBruxelles<\/strong>, un articolato di vie con bar e ristoranti. La <strong>Place du Sablon<\/strong>, invece, \u00e8 uno dei\nquartieri pi\u00f9 eleganti della citt\u00e0. Qui potrete vedere <strong>la cattedrale di<\/strong> <strong>Notre Dame\ndu Sablon <\/strong>e <strong>Wittamer<\/strong>, la pi\u00f9\nantica pasticceria della citt\u00e0. <\/p>\n\n\n\n<h2 class=\"wp-block-heading\">Praga<\/h2>\n\n\n\n<p>Per un weekend in\nEuropa che abbia un\u2019aura di magia, il consiglio \u00e8 quello di andare a <strong>Praga<\/strong>. Imboccando una delle sue stradine\nripide, tra cui la <strong>Via Nerudova<\/strong>, potrete\nraggiungere il <strong>Castello<\/strong>, che\ntorreggia su tutta la citt\u00e0. <\/p>\n\n\n\n<p>La <strong>Mal\u00e1 Strana<\/strong>, la parte piccola, \u00e8 un\npittoresco insieme di palazzi, piazzette e scorci che sembrano emergere da una\ncartolina. Ma il centro effettivo della citt\u00e0 \u00e8 la <strong>Stare Mesto<\/strong>, la citt\u00e0 vecchia. Qui ammirate l\u2019<strong>Orologio astronomico<\/strong> del Municipio che allo scoccare di ogni ora si\n\u201canima\u201d, e la<strong> Chiesa do T\u00fdn <\/strong>con le\nsue guglie gotiche. <\/p>\n\n\n\n<figure class=\"wp-block-image size-large\"><img decoding=\"async\" width=\"1024\" height=\"768\" data-src=\"https:\/\/it.sx-magazine-wp.sixt.io\/magazine\/wp-content\/uploads\/sites\/8\/2020\/03\/praga-cosa-vedere.jpg\" alt=\"praga weekend\" class=\"wp-image-4278 lazyload\" data-srcset=\"https:\/\/www.sixt.it\/magazine\/wp-content\/uploads\/\/sites\/8\/2020\/03\/praga-cosa-vedere.jpg 1024w, https:\/\/www.sixt.it\/magazine\/wp-content\/uploads\/\/sites\/8\/2020\/03\/praga-cosa-vedere-300x225.jpg 300w, https:\/\/www.sixt.it\/magazine\/wp-content\/uploads\/\/sites\/8\/2020\/03\/praga-cosa-vedere-768x576.jpg 768w\" data-sizes=\"(max-width: 1024px) 100vw, 1024px\" src=\"data:image\/svg+xml;base64,PHN2ZyB3aWR0aD0iMSIgaGVpZ2h0PSIxIiB4bWxucz0iaHR0cDovL3d3dy53My5vcmcvMjAwMC9zdmciPjwvc3ZnPg==\" style=\"--smush-placeholder-width: 1024px; --smush-placeholder-aspect-ratio: 1024\/768;\" \/><\/figure>\n\n\n\n<p>Poco distante\ndalla piazza principale, troverete quello che forse \u00e8 il monumento pi\u00f9 famoso\ndella Repubblica Ceca, il <strong>Ponte Carlo<\/strong>.\nUnisce Malastrana con la Citt\u00e0 Vecchia ed \u00e8 animato dalla mattina alla sera da\nartigiani, musicisti e artisti di strada. <\/p>\n\n\n\n<figure class=\"wp-block-image size-large\"><img decoding=\"async\" width=\"1024\" height=\"683\" data-src=\"https:\/\/it.sx-magazine-wp.sixt.io\/magazine\/wp-content\/uploads\/sites\/8\/2020\/03\/Praga-weekend.jpg\" alt=\"weekend in europa\" class=\"wp-image-4279 lazyload\" data-srcset=\"https:\/\/www.sixt.it\/magazine\/wp-content\/uploads\/\/sites\/8\/2020\/03\/Praga-weekend.jpg 1024w, https:\/\/www.sixt.it\/magazine\/wp-content\/uploads\/\/sites\/8\/2020\/03\/Praga-weekend-300x200.jpg 300w, https:\/\/www.sixt.it\/magazine\/wp-content\/uploads\/\/sites\/8\/2020\/03\/Praga-weekend-768x512.jpg 768w\" data-sizes=\"(max-width: 1024px) 100vw, 1024px\" src=\"data:image\/svg+xml;base64,PHN2ZyB3aWR0aD0iMSIgaGVpZ2h0PSIxIiB4bWxucz0iaHR0cDovL3d3dy53My5vcmcvMjAwMC9zdmciPjwvc3ZnPg==\" style=\"--smush-placeholder-width: 1024px; --smush-placeholder-aspect-ratio: 1024\/683;\" \/><\/figure>\n\n\n\n<p>La<strong> Sede degli Uffici Nazionali Olandesi <\/strong>\u00e8\nmeglio conosciuta come <strong>Casa danzante<\/strong>\no <strong>Fred and Ginger<\/strong> per via della sua\nparticolare struttura.<\/p>\n\n\n\n<p>Se state cercando\nuna citt\u00e0 che si anima anche di notte, tra pub ristoranti e discoteche, Praga\nnon vi deluder\u00e0.<\/p>\n\n\n\n<h2 class=\"wp-block-heading\">Lisbona<\/h2>\n\n\n\n<p>Se volete\ncominciare il vostro weekend in Europa con una panoramica sulla citt\u00e0, la\npanoramica migliore l\u2019avrete dal <strong>Castello\ndi Sao Jorge<\/strong>, una piccola cittadella fortificata. <\/p>\n\n\n\n<p>La <strong>Baixa<\/strong> \u00e8 il quartiere centrale della citt\u00e0\nfu completamente distrutta da un violento terremoto nel 1755. Qui non perdete quartiere\nsono la <strong>Praca do Commercio<\/strong>, la<strong> Casa dos Bicos<\/strong>, la <strong>Praca do Rossio, la Stazione<\/strong> e <strong>l\u2019Elevador de Santa Justa<\/strong>.<\/p>\n\n\n\n<div class=\"wp-block-image\"><figure class=\"aligncenter size-large\"><img decoding=\"async\" width=\"1024\" height=\"683\" data-src=\"https:\/\/it.sx-magazine-wp.sixt.io\/magazine\/wp-content\/uploads\/sites\/8\/2020\/03\/lisbona-wekeend.jpg\" alt=\"lisbona weekend\" class=\"wp-image-4280 lazyload\" data-srcset=\"https:\/\/www.sixt.it\/magazine\/wp-content\/uploads\/\/sites\/8\/2020\/03\/lisbona-wekeend.jpg 1024w, https:\/\/www.sixt.it\/magazine\/wp-content\/uploads\/\/sites\/8\/2020\/03\/lisbona-wekeend-300x200.jpg 300w, https:\/\/www.sixt.it\/magazine\/wp-content\/uploads\/\/sites\/8\/2020\/03\/lisbona-wekeend-768x512.jpg 768w\" data-sizes=\"(max-width: 1024px) 100vw, 1024px\" src=\"data:image\/svg+xml;base64,PHN2ZyB3aWR0aD0iMSIgaGVpZ2h0PSIxIiB4bWxucz0iaHR0cDovL3d3dy53My5vcmcvMjAwMC9zdmciPjwvc3ZnPg==\" style=\"--smush-placeholder-width: 1024px; --smush-placeholder-aspect-ratio: 1024\/683;\" \/><\/figure><\/div>\n\n\n\n<p>Anche il <strong>Chianto<\/strong> fu un altro quartiere\ngravemente danneggiato, questa volta da un incendio. Il quartiere \u00e8 ricco di\nteatri, librerie e negozi, oltre alle rovine gotiche della <strong>Chiesa del Carmo<\/strong>. <\/p>\n\n\n\n<p>Il <strong>Bairro Alto <\/strong>era il quartiere delle\nfamiglie benestanti e ora si distingue per essere il quartiere dei giovani e\ndel divertimento. <\/p>\n\n\n\n<p>Non dimenticare\ndi fare un giro sui tram, vere e proprie attrazioni in questa citt\u00e0. In\nparticolare il <strong>Tram 28 <\/strong>\u00e8 il mezzo su\nrotaia risalente agli anni &#8217;30 che vi permetter\u00e0 di esplorare tutto il pittoresco\nquartiere dell\u2019<strong>Alfama<\/strong>. <\/p>\n\n\n\n<p>Il quartiere di <strong>Bel\u00e9m<\/strong> \u00e8 invece situato sulle sponde del\nTago, ricco di attrazioni come <strong>il\nMonastero dei Jer\u00f2nimos<\/strong>, il <strong>Padr\u00e3o\ndos Descobrimentos<\/strong>&nbsp; e la famossisisma\n<strong>Torre di Bel\u00e9m<\/strong>.<\/p>\n\n\n\n<div class=\"wp-block-image\"><figure class=\"aligncenter size-large\"><img decoding=\"async\" width=\"1024\" height=\"670\" data-src=\"https:\/\/it.sx-magazine-wp.sixt.io\/magazine\/wp-content\/uploads\/sites\/8\/2020\/03\/Lisbona-belem.jpg\" alt=\"Lisbona belem weekend in europa\" class=\"wp-image-4281 lazyload\" data-srcset=\"https:\/\/www.sixt.it\/magazine\/wp-content\/uploads\/\/sites\/8\/2020\/03\/Lisbona-belem.jpg 1024w, https:\/\/www.sixt.it\/magazine\/wp-content\/uploads\/\/sites\/8\/2020\/03\/Lisbona-belem-300x196.jpg 300w, https:\/\/www.sixt.it\/magazine\/wp-content\/uploads\/\/sites\/8\/2020\/03\/Lisbona-belem-768x503.jpg 768w\" data-sizes=\"(max-width: 1024px) 100vw, 1024px\" src=\"data:image\/svg+xml;base64,PHN2ZyB3aWR0aD0iMSIgaGVpZ2h0PSIxIiB4bWxucz0iaHR0cDovL3d3dy53My5vcmcvMjAwMC9zdmciPjwvc3ZnPg==\" style=\"--smush-placeholder-width: 1024px; --smush-placeholder-aspect-ratio: 1024\/670;\" \/><\/figure><\/div>\n\n\n\n<p>Per concludere,\nnon potete andarvene da Lisbona senza aver visto Il <strong>Monastero de los Jeronimos<\/strong> e la sua incredibile architettura.<\/p>\n\n\n\n<p>Se avete voglia e tempo di visitare altre zone del Portogallo, ecco qualche <a href=\"https:\/\/www.sixt.it\/magazine\/viaggi\/roadtrip-portogallo-faro-porto\/\"><strong>consiglio utile<\/strong><\/a>.<\/p>\n\n\n\n<h3 class=\"wp-block-heading\">Vuoi visitare una capitale europea oppure fare un viaggio on the road? <a href=\"https:\/\/www.sixt.it\/\">SIXT<\/a> \u00e8 la soluzione.<\/h3>\n<!-- AddThis Advanced Settings generic via filter on the_content --><!-- AddThis Share Buttons generic via filter on the_content -->","protected":false},"excerpt":{"rendered":"<p>Voglia di partire per un weekend in Europa? Quante possibilit\u00e0 e quanto poco tempo per scegliere. SIXT vi consiglia alcune mete da tenere in considerazione per le prossime vacanze. Londra Tra le mete che vi consigliamo per questo weekend in Europa, perch\u00e9 non partire da Londra? Questa \u00e8 sicuramente una citt\u00e0 molto grande e, per&#8230;<!-- AddThis Advanced Settings generic via filter on get_the_excerpt --><!-- AddThis Share Buttons generic via filter on get_the_excerpt --><\/p>\n","protected":false},"author":63,"featured_media":2497,"comment_status":"open","ping_status":"open","sticky":false,"template":"","format":"standard","meta":{"_genesis_hide_title":false,"_genesis_hide_breadcrumbs":false,"_genesis_hide_singular_image":false,"_genesis_hide_footer_widgets":false,"_genesis_custom_body_class":"","_genesis_custom_post_class":"","_genesis_layout":"","ngg_post_thumbnail":0,"footnotes":""},"categories":[3],"tags":[130,106],"class_list":{"0":"post-2479","1":"post","2":"type-post","3":"status-publish","4":"format-standard","5":"has-post-thumbnail","7":"category-viaggi","8":"tag-europa","9":"tag-weekend","10":"entry"},"yoast_head":"<!-- This site is optimized with the Yoast SEO plugin v27.1.1 - https:\/\/yoast.com\/product\/yoast-seo-wordpress\/ -->\n<title>6 Capitali per un weekend in Europa - SIXT consiglia - Sixt Magazine<\/title>\n<meta name=\"description\" content=\"Un weekend in Europa \u00e9 la medicina perfetta per poter disintossicarsi dalla routine e dallo stress della citt\u00e1. E voi, dove vorreste andare?\" \/>\n<meta name=\"robots\" content=\"index, follow, max-snippet:-1, max-image-preview:large, max-video-preview:-1\" \/>\n<link rel=\"canonical\" href=\"https:\/\/www.sixt.it\/magazine\/viaggi\/6-capitali-weekend-europa\/\" \/>\n<meta property=\"og:locale\" content=\"en_US\" \/>\n<meta property=\"og:type\" content=\"article\" \/>\n<meta property=\"og:title\" content=\"6 Capitali per un weekend in Europa - SIXT consiglia - Sixt Magazine\" \/>\n<meta property=\"og:description\" content=\"Un weekend in Europa \u00e9 la medicina perfetta per poter disintossicarsi dalla routine e dallo stress della citt\u00e1. E voi, dove vorreste andare?\" \/>\n<meta property=\"og:url\" content=\"https:\/\/www.sixt.it\/magazine\/viaggi\/6-capitali-weekend-europa\/\" \/>\n<meta property=\"og:site_name\" content=\"Sixt Autonoleggio Magazine\" \/>\n<meta property=\"article:published_time\" content=\"2019-09-10T14:54:37+00:00\" \/>\n<meta property=\"article:modified_time\" content=\"2021-02-19T10:05:28+00:00\" \/>\n<meta property=\"og:image\" content=\"https:\/\/www.sixt.it\/magazine\/wp-content\/uploads\/\/sites\/8\/2019\/09\/alex-paganelli-rYVmXecm64Q-unsplash.jpg\" \/>\n\t<meta property=\"og:image:width\" content=\"1200\" \/>\n\t<meta property=\"og:image:height\" content=\"785\" \/>\n\t<meta property=\"og:image:type\" content=\"image\/jpeg\" \/>\n<meta name=\"twitter:card\" content=\"summary_large_image\" \/>\n<meta name=\"twitter:label1\" content=\"Written by\" \/>\n\t<meta name=\"twitter:data1\" content=\"\" \/>\n\t<meta name=\"twitter:label2\" content=\"Est. reading time\" \/>\n\t<meta name=\"twitter:data2\" content=\"7 minutes\" \/>\n<!-- \/ Yoast SEO plugin. -->","yoast_head_json":{"title":"6 Capitali per un weekend in Europa - SIXT consiglia - Sixt Magazine","description":"Un weekend in Europa \u00e9 la medicina perfetta per poter disintossicarsi dalla routine e dallo stress della citt\u00e1. E voi, dove vorreste andare?","robots":{"index":"index","follow":"follow","max-snippet":"max-snippet:-1","max-image-preview":"max-image-preview:large","max-video-preview":"max-video-preview:-1"},"canonical":"https:\/\/www.sixt.it\/magazine\/viaggi\/6-capitali-weekend-europa\/","og_locale":"en_US","og_type":"article","og_title":"6 Capitali per un weekend in Europa - SIXT consiglia - Sixt Magazine","og_description":"Un weekend in Europa \u00e9 la medicina perfetta per poter disintossicarsi dalla routine e dallo stress della citt\u00e1. E voi, dove vorreste andare?","og_url":"https:\/\/www.sixt.it\/magazine\/viaggi\/6-capitali-weekend-europa\/","og_site_name":"Sixt Autonoleggio Magazine","article_published_time":"2019-09-10T14:54:37+00:00","article_modified_time":"2021-02-19T10:05:28+00:00","og_image":[{"width":1200,"height":785,"url":"https:\/\/www.sixt.it\/magazine\/wp-content\/uploads\/\/sites\/8\/2019\/09\/alex-paganelli-rYVmXecm64Q-unsplash.jpg","type":"image\/jpeg"}],"twitter_card":"summary_large_image","twitter_misc":{"Written by":"","Est. reading time":"7 minutes"},"schema":{"@context":"https:\/\/schema.org","@graph":[{"@type":"Article","@id":"https:\/\/www.sixt.it\/magazine\/viaggi\/6-capitali-weekend-europa\/#article","isPartOf":{"@id":"https:\/\/www.sixt.it\/magazine\/viaggi\/6-capitali-weekend-europa\/"},"author":{"name":"","@id":""},"headline":"6 Capitali per un weekend in Europa &#8211; SIXT consiglia","datePublished":"2019-09-10T14:54:37+00:00","dateModified":"2021-02-19T10:05:28+00:00","mainEntityOfPage":{"@id":"https:\/\/www.sixt.it\/magazine\/viaggi\/6-capitali-weekend-europa\/"},"wordCount":1371,"commentCount":0,"image":{"@id":"https:\/\/www.sixt.it\/magazine\/viaggi\/6-capitali-weekend-europa\/#primaryimage"},"thumbnailUrl":"https:\/\/www.sixt.it\/magazine\/wp-content\/uploads\/\/sites\/8\/2019\/09\/alex-paganelli-rYVmXecm64Q-unsplash.jpg","keywords":["europa","weekend"],"articleSection":["Viaggi"],"inLanguage":"en-US","potentialAction":[{"@type":"CommentAction","name":"Comment","target":["https:\/\/www.sixt.it\/magazine\/viaggi\/6-capitali-weekend-europa\/#respond"]}]},{"@type":"WebPage","@id":"https:\/\/www.sixt.it\/magazine\/viaggi\/6-capitali-weekend-europa\/","url":"https:\/\/www.sixt.it\/magazine\/viaggi\/6-capitali-weekend-europa\/","name":"6 Capitali per un weekend in Europa - SIXT consiglia - Sixt Magazine","isPartOf":{"@id":"https:\/\/www.sixt.it\/magazine\/#website"},"primaryImageOfPage":{"@id":"https:\/\/www.sixt.it\/magazine\/viaggi\/6-capitali-weekend-europa\/#primaryimage"},"image":{"@id":"https:\/\/www.sixt.it\/magazine\/viaggi\/6-capitali-weekend-europa\/#primaryimage"},"thumbnailUrl":"https:\/\/www.sixt.it\/magazine\/wp-content\/uploads\/\/sites\/8\/2019\/09\/alex-paganelli-rYVmXecm64Q-unsplash.jpg","datePublished":"2019-09-10T14:54:37+00:00","dateModified":"2021-02-19T10:05:28+00:00","author":{"@id":""},"description":"Un weekend in Europa \u00e9 la medicina perfetta per poter disintossicarsi dalla routine e dallo stress della citt\u00e1. E voi, dove vorreste andare?","breadcrumb":{"@id":"https:\/\/www.sixt.it\/magazine\/viaggi\/6-capitali-weekend-europa\/#breadcrumb"},"inLanguage":"en-US","potentialAction":[{"@type":"ReadAction","target":["https:\/\/www.sixt.it\/magazine\/viaggi\/6-capitali-weekend-europa\/"]}]},{"@type":"ImageObject","inLanguage":"en-US","@id":"https:\/\/www.sixt.it\/magazine\/viaggi\/6-capitali-weekend-europa\/#primaryimage","url":"https:\/\/www.sixt.it\/magazine\/wp-content\/uploads\/\/sites\/8\/2019\/09\/alex-paganelli-rYVmXecm64Q-unsplash.jpg","contentUrl":"https:\/\/www.sixt.it\/magazine\/wp-content\/uploads\/\/sites\/8\/2019\/09\/alex-paganelli-rYVmXecm64Q-unsplash.jpg","width":1200,"height":785,"caption":"Lisbona belem"},{"@type":"BreadcrumbList","@id":"https:\/\/www.sixt.it\/magazine\/viaggi\/6-capitali-weekend-europa\/#breadcrumb","itemListElement":[{"@type":"ListItem","position":1,"name":"Home","item":"https:\/\/www.sixt.it\/magazine\/"},{"@type":"ListItem","position":2,"name":"6 Capitali per un weekend in Europa &#8211; SIXT consiglia"}]},{"@type":"WebSite","@id":"https:\/\/www.sixt.it\/magazine\/#website","url":"https:\/\/www.sixt.it\/magazine\/","name":"Sixt Autonoleggio Magazine","description":"Consigli di viaggio e notizie da Sixt Autonoleggio","potentialAction":[{"@type":"SearchAction","target":{"@type":"EntryPoint","urlTemplate":"https:\/\/www.sixt.it\/magazine\/?s={search_term_string}"},"query-input":{"@type":"PropertyValueSpecification","valueRequired":true,"valueName":"search_term_string"}}],"inLanguage":"en-US"},{"@type":"Person","@id":""}]}},"_links":{"self":[{"href":"https:\/\/www.sixt.it\/magazine\/wp-json\/wp\/v2\/posts\/2479","targetHints":{"allow":["GET"]}}],"collection":[{"href":"https:\/\/www.sixt.it\/magazine\/wp-json\/wp\/v2\/posts"}],"about":[{"href":"https:\/\/www.sixt.it\/magazine\/wp-json\/wp\/v2\/types\/post"}],"author":[{"embeddable":true,"href":"https:\/\/www.sixt.it\/magazine\/wp-json\/wp\/v2\/users\/63"}],"replies":[{"embeddable":true,"href":"https:\/\/www.sixt.it\/magazine\/wp-json\/wp\/v2\/comments?post=2479"}],"version-history":[{"count":0,"href":"https:\/\/www.sixt.it\/magazine\/wp-json\/wp\/v2\/posts\/2479\/revisions"}],"wp:featuredmedia":[{"embeddable":true,"href":"https:\/\/www.sixt.it\/magazine\/wp-json\/wp\/v2\/media\/2497"}],"wp:attachment":[{"href":"https:\/\/www.sixt.it\/magazine\/wp-json\/wp\/v2\/media?parent=2479"}],"wp:term":[{"taxonomy":"category","embeddable":true,"href":"https:\/\/www.sixt.it\/magazine\/wp-json\/wp\/v2\/categories?post=2479"},{"taxonomy":"post_tag","embeddable":true,"href":"https:\/\/www.sixt.it\/magazine\/wp-json\/wp\/v2\/tags?post=2479"}],"curies":[{"name":"wp","href":"https:\/\/api.w.org\/{rel}","templated":true}]}}