{"id":1837,"date":"2019-04-24T16:32:18","date_gmt":"2019-04-24T15:32:18","guid":{"rendered":"https:\/\/it.sx-magazine-wp.sixt.io\/magazine\/?p=1837"},"modified":"2021-02-25T10:50:43","modified_gmt":"2021-02-25T09:50:43","slug":"novita-sixt-autonoleggio-treviso-aeroporto","status":"publish","type":"post","link":"https:\/\/www.sixt.it\/magazine\/novita\/novita-sixt-autonoleggio-treviso-aeroporto\/","title":{"rendered":"NOVITA&#8217;! Nuova apertura Sixt a Treviso Aeroporto"},"content":{"rendered":"<p><strong>SIXT Italia<\/strong> \u00e8 sulla buona strada: dopo la nostra apertura all&#8217;<a href=\"https:\/\/www.sixt.it\/magazine\/novita\/novita-sixt-autonoleggio-alghero-aeroporto\/\">aeroporto di Alghero<\/a> la scorsa settimana, siamo orgogliosi di annunciare un&#8217;altra nuova location nella bellissima Italia: abbiamo aperto il nostro <strong>nuovo branch di noleggio auto a Treviso Aeroporto<\/strong>!<\/p>\n<figure id=\"attachment_1838\" aria-describedby=\"caption-attachment-1838\" style=\"width: 1024px\" class=\"wp-caption aligncenter\"><img decoding=\"async\" class=\"size-large wp-image-1838 lazyload\" data-src=\"https:\/\/it.sx-magazine-wp.sixt.io\/magazine\/wp-content\/uploads\/sites\/8\/2019\/04\/Bildschirmfoto-2019-04-15-um-16_02_28-1024x449.png\" alt=\"Noleggio auto Treviso aeroporto\" width=\"1024\" height=\"449\" data-srcset=\"https:\/\/www.sixt.it\/magazine\/wp-content\/uploads\/\/sites\/8\/2019\/04\/Bildschirmfoto-2019-04-15-um-16_02_28-1024x449.png 1024w, https:\/\/www.sixt.it\/magazine\/wp-content\/uploads\/\/sites\/8\/2019\/04\/Bildschirmfoto-2019-04-15-um-16_02_28-300x131.png 300w, https:\/\/www.sixt.it\/magazine\/wp-content\/uploads\/\/sites\/8\/2019\/04\/Bildschirmfoto-2019-04-15-um-16_02_28-768x337.png 768w, https:\/\/www.sixt.it\/magazine\/wp-content\/uploads\/\/sites\/8\/2019\/04\/Bildschirmfoto-2019-04-15-um-16_02_28.png 1310w\" data-sizes=\"(max-width: 1024px) 100vw, 1024px\" src=\"data:image\/svg+xml;base64,PHN2ZyB3aWR0aD0iMSIgaGVpZ2h0PSIxIiB4bWxucz0iaHR0cDovL3d3dy53My5vcmcvMjAwMC9zdmciPjwvc3ZnPg==\" style=\"--smush-placeholder-width: 1024px; --smush-placeholder-aspect-ratio: 1024\/449;\" \/><figcaption id=\"caption-attachment-1838\" class=\"wp-caption-text\">Sixt Noleggio auto Treviso aeroporto<\/figcaption><\/figure>\n<p>Anche se la citt\u00e0 di Treviso non \u00e8 cos\u00ec trafficata come Venezia (che \u00e8 a circa 40 minuti in auto), Treviso \u00e8 una <strong>destinazione turistica straordinaria<\/strong> con un bellissimo centro storico e edifici medievali. Inoltre, si dice che il famoso Tiramis\u00f9 abbia la sua origine a Treviso &#8230;<\/p>\n<p>Al momento abbiamo aperto il nostro ufficio temporaneo &#8211; come al solito in una <strong>posizione d&#8217;onore nella sala arrivi<\/strong>. Rimanete aggiornati sulle novit\u00e0 per il counter definitivo!<\/p>\n<figure id=\"attachment_1839\" aria-describedby=\"caption-attachment-1839\" style=\"width: 602px\" class=\"wp-caption aligncenter\"><img decoding=\"async\" class=\"size-full wp-image-1839 lazyload\" data-src=\"https:\/\/it.sx-magazine-wp.sixt.io\/magazine\/wp-content\/uploads\/sites\/8\/2019\/04\/Bildschirmfoto-2019-04-15-um-16_02_38.png\" alt=\"Sixt noleggio auto Treviso Aeroporto\" width=\"602\" height=\"428\" data-srcset=\"https:\/\/www.sixt.it\/magazine\/wp-content\/uploads\/\/sites\/8\/2019\/04\/Bildschirmfoto-2019-04-15-um-16_02_38.png 602w, https:\/\/www.sixt.it\/magazine\/wp-content\/uploads\/\/sites\/8\/2019\/04\/Bildschirmfoto-2019-04-15-um-16_02_38-300x213.png 300w\" data-sizes=\"(max-width: 602px) 100vw, 602px\" src=\"data:image\/svg+xml;base64,PHN2ZyB3aWR0aD0iMSIgaGVpZ2h0PSIxIiB4bWxucz0iaHR0cDovL3d3dy53My5vcmcvMjAwMC9zdmciPjwvc3ZnPg==\" style=\"--smush-placeholder-width: 602px; --smush-placeholder-aspect-ratio: 602\/428;\" \/><figcaption id=\"caption-attachment-1839\" class=\"wp-caption-text\">Posizione Sixt a Treviso Aeroporto<\/figcaption><\/figure>\n<h3>Sixt Autonoleggio sar\u00e0 lieta di darvi il benvenuto a Treviso.<\/h3>\n<h3>Sixt ti aspetta!<\/h3>\n<p><a href=\"https:\/\/www.sixt.it\/autonoleggio\/italia\/treviso\/treviso-aeroporto\/\">sixt.it\/autonoleggio\/italia\/treviso\/treviso-aeroporto<\/a><\/p>\n<!-- AddThis Advanced Settings generic via filter on the_content --><!-- AddThis Share Buttons generic via filter on the_content -->","protected":false},"excerpt":{"rendered":"<p>SIXT Italia \u00e8 sulla buona strada: dopo la nostra apertura all&#8217;aeroporto di Alghero la scorsa settimana, siamo orgogliosi di annunciare un&#8217;altra nuova location nella bellissima Italia: abbiamo aperto il nostro nuovo branch di noleggio auto a Treviso Aeroporto! Anche se la citt\u00e0 di Treviso non \u00e8 cos\u00ec trafficata come Venezia (che \u00e8 a circa 40&#8230;<!-- AddThis Advanced Settings generic via filter on get_the_excerpt --><!-- AddThis Share Buttons generic via filter on get_the_excerpt --><\/p>\n","protected":false},"author":83,"featured_media":0,"comment_status":"open","ping_status":"open","sticky":false,"template":"","format":"standard","meta":{"_genesis_hide_title":false,"_genesis_hide_breadcrumbs":false,"_genesis_hide_singular_image":false,"_genesis_hide_footer_widgets":false,"_genesis_custom_body_class":"","_genesis_custom_post_class":"","_genesis_layout":"","ngg_post_thumbnail":0,"footnotes":""},"categories":[2],"tags":[10,26],"class_list":{"0":"post-1837","1":"post","2":"type-post","3":"status-publish","4":"format-standard","6":"category-novita","7":"tag-italia","8":"tag-novita","9":"entry","10":"has-post-thumbnail"},"yoast_head":"<!-- This site is optimized with the Yoast SEO plugin v27.1.1 - https:\/\/yoast.com\/product\/yoast-seo-wordpress\/ -->\n<title>NOVITA&#039;! Nuova apertura Sixt a Treviso Aeroporto - Sixt Magazine<\/title>\n<meta name=\"description\" content=\"Diamo il benvenuto alla stazione di Sixt noleggio auto Treviso Aeroporto. Siamo lieti di supportarvi in ogni fase del noleggio in questa nuova location.\" \/>\n<meta name=\"robots\" content=\"index, follow, max-snippet:-1, max-image-preview:large, max-video-preview:-1\" \/>\n<link rel=\"canonical\" href=\"https:\/\/www.sixt.it\/magazine\/novita\/novita-sixt-autonoleggio-treviso-aeroporto\/\" \/>\n<meta property=\"og:locale\" content=\"en_US\" \/>\n<meta property=\"og:type\" content=\"article\" \/>\n<meta property=\"og:title\" content=\"NOVITA&#039;! Nuova apertura Sixt a Treviso Aeroporto - Sixt Magazine\" \/>\n<meta property=\"og:description\" content=\"Diamo il benvenuto alla stazione di Sixt noleggio auto Treviso Aeroporto. Siamo lieti di supportarvi in ogni fase del noleggio in questa nuova location.\" \/>\n<meta property=\"og:url\" content=\"https:\/\/www.sixt.it\/magazine\/novita\/novita-sixt-autonoleggio-treviso-aeroporto\/\" \/>\n<meta property=\"og:site_name\" content=\"Sixt Autonoleggio Magazine\" \/>\n<meta property=\"article:published_time\" content=\"2019-04-24T15:32:18+00:00\" \/>\n<meta property=\"article:modified_time\" content=\"2021-02-25T09:50:43+00:00\" \/>\n<meta property=\"og:image\" content=\"https:\/\/it.sx-magazine-wp.sixt.io\/magazine\/wp-content\/uploads\/sites\/8\/2019\/04\/Bildschirmfoto-2019-04-15-um-16_02_28-1024x449.png\" \/>\n<meta name=\"twitter:card\" content=\"summary_large_image\" \/>\n<meta name=\"twitter:label1\" content=\"Written by\" \/>\n\t<meta name=\"twitter:data1\" content=\"\" \/>\n\t<meta name=\"twitter:label2\" content=\"Est. reading time\" \/>\n\t<meta name=\"twitter:data2\" content=\"1 minute\" \/>\n<!-- \/ Yoast SEO plugin. -->","yoast_head_json":{"title":"NOVITA'! Nuova apertura Sixt a Treviso Aeroporto - Sixt Magazine","description":"Diamo il benvenuto alla stazione di Sixt noleggio auto Treviso Aeroporto. Siamo lieti di supportarvi in ogni fase del noleggio in questa nuova location.","robots":{"index":"index","follow":"follow","max-snippet":"max-snippet:-1","max-image-preview":"max-image-preview:large","max-video-preview":"max-video-preview:-1"},"canonical":"https:\/\/www.sixt.it\/magazine\/novita\/novita-sixt-autonoleggio-treviso-aeroporto\/","og_locale":"en_US","og_type":"article","og_title":"NOVITA'! Nuova apertura Sixt a Treviso Aeroporto - Sixt Magazine","og_description":"Diamo il benvenuto alla stazione di Sixt noleggio auto Treviso Aeroporto. Siamo lieti di supportarvi in ogni fase del noleggio in questa nuova location.","og_url":"https:\/\/www.sixt.it\/magazine\/novita\/novita-sixt-autonoleggio-treviso-aeroporto\/","og_site_name":"Sixt Autonoleggio Magazine","article_published_time":"2019-04-24T15:32:18+00:00","article_modified_time":"2021-02-25T09:50:43+00:00","og_image":[{"url":"https:\/\/it.sx-magazine-wp.sixt.io\/magazine\/wp-content\/uploads\/sites\/8\/2019\/04\/Bildschirmfoto-2019-04-15-um-16_02_28-1024x449.png","type":"","width":"","height":""}],"twitter_card":"summary_large_image","twitter_misc":{"Written by":"","Est. reading time":"1 minute"},"schema":{"@context":"https:\/\/schema.org","@graph":[{"@type":"Article","@id":"https:\/\/www.sixt.it\/magazine\/novita\/novita-sixt-autonoleggio-treviso-aeroporto\/#article","isPartOf":{"@id":"https:\/\/www.sixt.it\/magazine\/novita\/novita-sixt-autonoleggio-treviso-aeroporto\/"},"author":{"name":"","@id":""},"headline":"NOVITA&#8217;! Nuova apertura Sixt a Treviso Aeroporto","datePublished":"2019-04-24T15:32:18+00:00","dateModified":"2021-02-25T09:50:43+00:00","mainEntityOfPage":{"@id":"https:\/\/www.sixt.it\/magazine\/novita\/novita-sixt-autonoleggio-treviso-aeroporto\/"},"wordCount":160,"commentCount":0,"image":{"@id":"https:\/\/www.sixt.it\/magazine\/novita\/novita-sixt-autonoleggio-treviso-aeroporto\/#primaryimage"},"thumbnailUrl":"https:\/\/it.sx-magazine-wp.sixt.io\/magazine\/wp-content\/uploads\/sites\/8\/2019\/04\/Bildschirmfoto-2019-04-15-um-16_02_28-1024x449.png","keywords":["italia","novit\u00e0"],"articleSection":["Novit\u00e0"],"inLanguage":"en-US","potentialAction":[{"@type":"CommentAction","name":"Comment","target":["https:\/\/www.sixt.it\/magazine\/novita\/novita-sixt-autonoleggio-treviso-aeroporto\/#respond"]}]},{"@type":"WebPage","@id":"https:\/\/www.sixt.it\/magazine\/novita\/novita-sixt-autonoleggio-treviso-aeroporto\/","url":"https:\/\/www.sixt.it\/magazine\/novita\/novita-sixt-autonoleggio-treviso-aeroporto\/","name":"NOVITA'! Nuova apertura Sixt a Treviso Aeroporto - Sixt Magazine","isPartOf":{"@id":"https:\/\/www.sixt.it\/magazine\/#website"},"primaryImageOfPage":{"@id":"https:\/\/www.sixt.it\/magazine\/novita\/novita-sixt-autonoleggio-treviso-aeroporto\/#primaryimage"},"image":{"@id":"https:\/\/www.sixt.it\/magazine\/novita\/novita-sixt-autonoleggio-treviso-aeroporto\/#primaryimage"},"thumbnailUrl":"https:\/\/it.sx-magazine-wp.sixt.io\/magazine\/wp-content\/uploads\/sites\/8\/2019\/04\/Bildschirmfoto-2019-04-15-um-16_02_28-1024x449.png","datePublished":"2019-04-24T15:32:18+00:00","dateModified":"2021-02-25T09:50:43+00:00","author":{"@id":""},"description":"Diamo il benvenuto alla stazione di Sixt noleggio auto Treviso Aeroporto. Siamo lieti di supportarvi in ogni fase del noleggio in questa nuova location.","breadcrumb":{"@id":"https:\/\/www.sixt.it\/magazine\/novita\/novita-sixt-autonoleggio-treviso-aeroporto\/#breadcrumb"},"inLanguage":"en-US","potentialAction":[{"@type":"ReadAction","target":["https:\/\/www.sixt.it\/magazine\/novita\/novita-sixt-autonoleggio-treviso-aeroporto\/"]}]},{"@type":"ImageObject","inLanguage":"en-US","@id":"https:\/\/www.sixt.it\/magazine\/novita\/novita-sixt-autonoleggio-treviso-aeroporto\/#primaryimage","url":"https:\/\/it.sx-magazine-wp.sixt.io\/magazine\/wp-content\/uploads\/sites\/8\/2019\/04\/Bildschirmfoto-2019-04-15-um-16_02_28-1024x449.png","contentUrl":"https:\/\/it.sx-magazine-wp.sixt.io\/magazine\/wp-content\/uploads\/sites\/8\/2019\/04\/Bildschirmfoto-2019-04-15-um-16_02_28-1024x449.png"},{"@type":"BreadcrumbList","@id":"https:\/\/www.sixt.it\/magazine\/novita\/novita-sixt-autonoleggio-treviso-aeroporto\/#breadcrumb","itemListElement":[{"@type":"ListItem","position":1,"name":"Home","item":"https:\/\/www.sixt.it\/magazine\/"},{"@type":"ListItem","position":2,"name":"NOVITA&#8217;! Nuova apertura Sixt a Treviso Aeroporto"}]},{"@type":"WebSite","@id":"https:\/\/www.sixt.it\/magazine\/#website","url":"https:\/\/www.sixt.it\/magazine\/","name":"Sixt Autonoleggio Magazine","description":"Consigli di viaggio e notizie da Sixt Autonoleggio","potentialAction":[{"@type":"SearchAction","target":{"@type":"EntryPoint","urlTemplate":"https:\/\/www.sixt.it\/magazine\/?s={search_term_string}"},"query-input":{"@type":"PropertyValueSpecification","valueRequired":true,"valueName":"search_term_string"}}],"inLanguage":"en-US"},{"@type":"Person","@id":""}]}},"_links":{"self":[{"href":"https:\/\/www.sixt.it\/magazine\/wp-json\/wp\/v2\/posts\/1837","targetHints":{"allow":["GET"]}}],"collection":[{"href":"https:\/\/www.sixt.it\/magazine\/wp-json\/wp\/v2\/posts"}],"about":[{"href":"https:\/\/www.sixt.it\/magazine\/wp-json\/wp\/v2\/types\/post"}],"author":[{"embeddable":true,"href":"https:\/\/www.sixt.it\/magazine\/wp-json\/wp\/v2\/users\/83"}],"replies":[{"embeddable":true,"href":"https:\/\/www.sixt.it\/magazine\/wp-json\/wp\/v2\/comments?post=1837"}],"version-history":[{"count":0,"href":"https:\/\/www.sixt.it\/magazine\/wp-json\/wp\/v2\/posts\/1837\/revisions"}],"wp:attachment":[{"href":"https:\/\/www.sixt.it\/magazine\/wp-json\/wp\/v2\/media?parent=1837"}],"wp:term":[{"taxonomy":"category","embeddable":true,"href":"https:\/\/www.sixt.it\/magazine\/wp-json\/wp\/v2\/categories?post=1837"},{"taxonomy":"post_tag","embeddable":true,"href":"https:\/\/www.sixt.it\/magazine\/wp-json\/wp\/v2\/tags?post=1837"}],"curies":[{"name":"wp","href":"https:\/\/api.w.org\/{rel}","templated":true}]}}